{"id":1336,"date":"2020-10-30T14:13:22","date_gmt":"2020-10-30T17:13:22","guid":{"rendered":"http:\/\/observatoriomigracionyasilo.caref.org.ar\/inicio\/?p=1336"},"modified":"2023-12-22T16:37:21","modified_gmt":"2023-12-22T19:37:21","slug":"union-de-colectividades-de-inmigrantes-cordoba-ucic","status":"publish","type":"post","link":"https:\/\/observatoriomigracionyasilo.caref.org.ar\/inicio\/union-de-colectividades-de-inmigrantes-cordoba-ucic\/","title":{"rendered":"Uni\u00f3n de Colectividades de Inmigrantes de C\u00f3rdoba \/ UCIC"},"content":{"rendered":"<p><iframe title=\"YouTube video player\" src=\"https:\/\/www.youtube.com\/embed\/kMLXWiCDz_E?si=qsujWwz3evB1AVfv\" width=\"320\" height=\"200\" frameborder=\"0\" allowfullscreen=\"allowfullscreen\"><span data-mce-type=\"bookmark\" style=\"display: inline-block; width: 0px; overflow: hidden; line-height: 0;\" class=\"mce_SELRES_start\">\ufeff<\/span><\/iframe><\/p>\n<p>La UCIC fue creada el 10 de junio de 1997. Como federaci\u00f3n de colectividades, conecta y articula a distintos colectivos de migrantes radicados en C\u00f3rdoba para ampliar, difundir y fortalecer sus derechos. Entre sus objetivos principales se destaca la lucha contra la discriminaci\u00f3n, la xenofobia y el racismo mediante la informaci\u00f3n y la difusi\u00f3n de la cultura de los pueblos.<br \/>\nDesde 2004, la UCIC colabora con la Direcci\u00f3n Nacional de Migraciones en lo que respecta a la regularizaci\u00f3n y documentaci\u00f3n de personas migrantes. Tambi\u00e9n trabaja coordinadamente con universidades nacionales y centros acad\u00e9micos en pos de nuevas y mejores formas de inserci\u00f3n de las y los migrantes, entre ellas la creaci\u00f3n y consolidaci\u00f3n de cooperativas de trabajo (especialmente las integradas por mujeres migrantes). La UCIC cuenta con una bolsa de trabajo, brinda asesor\u00eda administrativa gratuita, dicta clases de espa\u00f1ol para personas extranjeras y provee atenci\u00f3n y acompa\u00f1amiento escolar a ni\u00f1os y ni\u00f1as migrantes e hijos\/as de migrantes.<br \/>\nLa UCIC trabaja con organismos internacionales, nacionales y locales en pos de la inserci\u00f3n y participaci\u00f3n activa de las y los migrantes en la Provincia de C\u00f3rdoba.<\/p>\n<p><!--more--><\/p>\n<p>&nbsp;<\/p>\n","protected":false},"excerpt":{"rendered":"<p>\ufeff La UCIC fue creada el 10 de junio de 1997. Como federaci\u00f3n de colectividades, conecta y articula a distintos colectivos de migrantes radicados en C\u00f3rdoba para ampliar, difundir y fortalecer sus derechos. Entre sus objetivos principales se destaca la lucha contra la discriminaci\u00f3n, la xenofobia y el racismo mediante la informaci\u00f3n y la difusi\u00f3n de la cultura de los pueblos. Desde 2004, la UCIC colabora con la Direcci\u00f3n Nacional de Migraciones en lo que respecta a la regularizaci\u00f3n y documentaci\u00f3n de personas migrantes. Tambi\u00e9n trabaja coordinadamente con universidades nacionales y centros acad\u00e9micos en pos de nuevas y mejores formas de inserci\u00f3n de las y los migrantes, entre ellas la creaci\u00f3n y consolidaci\u00f3n de cooperativas de trabajo (especialmente las integradas por mujeres migrantes). La UCIC cuenta con una bolsa de trabajo, brinda asesor\u00eda administrativa gratuita, dicta clases de espa\u00f1ol para personas extranjeras y provee atenci\u00f3n y acompa\u00f1amiento escolar a ni\u00f1os y ni\u00f1as migrantes e hijos\/as de migrantes. La UCIC trabaja con organismos internacionales, nacionales y locales en pos de la inserci\u00f3n y participaci\u00f3n activa de las y los migrantes en la Provincia de C\u00f3rdoba.<\/p>\n","protected":false},"author":4,"featured_media":0,"comment_status":"closed","ping_status":"open","sticky":false,"template":"","format":"standard","meta":{"_acf_changed":false,"advanced_seo_description":"","jetpack_seo_html_title":"","jetpack_seo_noindex":false,"_jetpack_memberships_contains_paid_content":false,"footnotes":""},"categories":[4],"tags":[],"class_list":["post-1336","post","type-post","status-publish","format-standard","hentry","category-institucional-quienes-somos"],"acf":[],"jetpack_featured_media_url":"","jetpack_sharing_enabled":true,"_links":{"self":[{"href":"https:\/\/observatoriomigracionyasilo.caref.org.ar\/inicio\/wp-json\/wp\/v2\/posts\/1336","targetHints":{"allow":["GET"]}}],"collection":[{"href":"https:\/\/observatoriomigracionyasilo.caref.org.ar\/inicio\/wp-json\/wp\/v2\/posts"}],"about":[{"href":"https:\/\/observatoriomigracionyasilo.caref.org.ar\/inicio\/wp-json\/wp\/v2\/types\/post"}],"author":[{"embeddable":true,"href":"https:\/\/observatoriomigracionyasilo.caref.org.ar\/inicio\/wp-json\/wp\/v2\/users\/4"}],"replies":[{"embeddable":true,"href":"https:\/\/observatoriomigracionyasilo.caref.org.ar\/inicio\/wp-json\/wp\/v2\/comments?post=1336"}],"version-history":[{"count":8,"href":"https:\/\/observatoriomigracionyasilo.caref.org.ar\/inicio\/wp-json\/wp\/v2\/posts\/1336\/revisions"}],"predecessor-version":[{"id":1426,"href":"https:\/\/observatoriomigracionyasilo.caref.org.ar\/inicio\/wp-json\/wp\/v2\/posts\/1336\/revisions\/1426"}],"wp:attachment":[{"href":"https:\/\/observatoriomigracionyasilo.caref.org.ar\/inicio\/wp-json\/wp\/v2\/media?parent=1336"}],"wp:term":[{"taxonomy":"category","embeddable":true,"href":"https:\/\/observatoriomigracionyasilo.caref.org.ar\/inicio\/wp-json\/wp\/v2\/categories?post=1336"},{"taxonomy":"post_tag","embeddable":true,"href":"https:\/\/observatoriomigracionyasilo.caref.org.ar\/inicio\/wp-json\/wp\/v2\/tags?post=1336"}],"curies":[{"name":"wp","href":"https:\/\/api.w.org\/{rel}","templated":true}]}}