{"id":234,"date":"2020-11-01T19:01:28","date_gmt":"2020-11-01T22:01:28","guid":{"rendered":"http:\/\/observatoriomigracionyasilo.caref.org.ar\/inicio\/?p=234"},"modified":"2024-10-02T16:51:02","modified_gmt":"2024-10-02T19:51:02","slug":"la-red-de-migrantes-y-refugiadxs-en-argentina","status":"publish","type":"post","link":"https:\/\/observatoriomigracionyasilo.caref.org.ar\/inicio\/la-red-de-migrantes-y-refugiadxs-en-argentina\/","title":{"rendered":"Red de Migrantes y Refugiadxs en Argentina\u00a0\u00a0\u00a0\u00a0"},"content":{"rendered":"<p><iframe title=\"YouTube video player\" src=\"https:\/\/www.youtube.com\/embed\/vIQ3Y6Smxuc?si=fffyh8wknCn3X4xR\" width=\"320\" height=\"200\" frameborder=\"0\" allowfullscreen=\"allowfullscreen\"><span data-mce-type=\"bookmark\" style=\"display: inline-block; width: 0px; overflow: hidden; line-height: 0;\" class=\"mce_SELRES_start\">\ufeff<\/span><\/iframe><\/p>\n<p>La Red es una organizaci\u00f3n social y pol\u00edtica que nace a partir de la militancia realizada en la d\u00e9cada de 1990 para lograr la derogaci\u00f3n de la Ley Videla y la aprobaci\u00f3n de la actual Ley de Migraciones (25.871\/2004). La Red cuenta con una base territorial a nivel nacional, integrada por migrantes de Bolivia, Colombia, Ecuador, Hait\u00ed, Paraguay, Per\u00fa, Rep\u00fablica Dominicana, Uruguay, Senegal, Ucrania y Venezuela.<!--more--><\/p>\n<p>Promovemos los derechos humanos, civiles, pol\u00edticos, econ\u00f3micos, sociales y culturales de las personas y familias migrantes, refugiadas y solicitantes de asilo que viven en la Rep\u00fablica Argentina. Desde una perspectiva de g\u00e9nero y fortaleciendo la creaci\u00f3n de redes comunitarias, trabajamos en pos de la igualdad de derechos y oportunidades, la inclusi\u00f3n social efectiva y el ejercicio de una ciudadan\u00eda plena para todas las personas migrantes y refugiadas y sus familias, en el marco de un nuevo modelo de integraci\u00f3n local y regional.<\/p>\n<p>[do_widget id=simple-social-icons-7]<\/p>\n","protected":false},"excerpt":{"rendered":"<p>\ufeff La Red es una organizaci\u00f3n social y pol\u00edtica que nace a partir de la militancia realizada en la d\u00e9cada de 1990 para lograr la derogaci\u00f3n de la Ley Videla y la aprobaci\u00f3n de la actual Ley de Migraciones (25.871\/2004). La Red cuenta con una base territorial a nivel nacional, integrada por migrantes de Bolivia, Colombia, Ecuador, Hait\u00ed, Paraguay, Per\u00fa, Rep\u00fablica Dominicana, Uruguay, Senegal, Ucrania y Venezuela.<\/p>\n","protected":false},"author":1,"featured_media":0,"comment_status":"closed","ping_status":"closed","sticky":false,"template":"","format":"standard","meta":{"_acf_changed":false,"advanced_seo_description":"","jetpack_seo_html_title":"","jetpack_seo_noindex":false,"_jetpack_memberships_contains_paid_content":false,"footnotes":""},"categories":[4],"tags":[],"class_list":["post-234","post","type-post","status-publish","format-standard","hentry","category-institucional-quienes-somos"],"acf":[],"jetpack_featured_media_url":"","jetpack_sharing_enabled":true,"_links":{"self":[{"href":"https:\/\/observatoriomigracionyasilo.caref.org.ar\/inicio\/wp-json\/wp\/v2\/posts\/234","targetHints":{"allow":["GET"]}}],"collection":[{"href":"https:\/\/observatoriomigracionyasilo.caref.org.ar\/inicio\/wp-json\/wp\/v2\/posts"}],"about":[{"href":"https:\/\/observatoriomigracionyasilo.caref.org.ar\/inicio\/wp-json\/wp\/v2\/types\/post"}],"author":[{"embeddable":true,"href":"https:\/\/observatoriomigracionyasilo.caref.org.ar\/inicio\/wp-json\/wp\/v2\/users\/1"}],"replies":[{"embeddable":true,"href":"https:\/\/observatoriomigracionyasilo.caref.org.ar\/inicio\/wp-json\/wp\/v2\/comments?post=234"}],"version-history":[{"count":17,"href":"https:\/\/observatoriomigracionyasilo.caref.org.ar\/inicio\/wp-json\/wp\/v2\/posts\/234\/revisions"}],"predecessor-version":[{"id":1507,"href":"https:\/\/observatoriomigracionyasilo.caref.org.ar\/inicio\/wp-json\/wp\/v2\/posts\/234\/revisions\/1507"}],"wp:attachment":[{"href":"https:\/\/observatoriomigracionyasilo.caref.org.ar\/inicio\/wp-json\/wp\/v2\/media?parent=234"}],"wp:term":[{"taxonomy":"category","embeddable":true,"href":"https:\/\/observatoriomigracionyasilo.caref.org.ar\/inicio\/wp-json\/wp\/v2\/categories?post=234"},{"taxonomy":"post_tag","embeddable":true,"href":"https:\/\/observatoriomigracionyasilo.caref.org.ar\/inicio\/wp-json\/wp\/v2\/tags?post=234"}],"curies":[{"name":"wp","href":"https:\/\/api.w.org\/{rel}","templated":true}]}}